{"id":30255,"date":"2017-04-02T12:11:45","date_gmt":"2017-04-02T12:11:45","guid":{"rendered":"https:\/\/www.futbolmarbella.com\/el-viii-campus-de-futbol-arranca-con-gran-exito-en-su-primera-semana\/"},"modified":"2017-04-02T12:11:45","modified_gmt":"2017-04-02T12:11:45","slug":"el-viii-campus-de-futbol-arranca-con-gran-exito-en-su-primera-semana","status":"publish","type":"post","link":"https:\/\/www.futbolmarbella.com\/en\/el-viii-campus-de-futbol-arranca-con-gran-exito-en-su-primera-semana\/","title":{"rendered":"El VIII Campus de F\u00fatbol arranca con gran \u00e9xito en su primera semana"},"content":{"rendered":"<p>[et_pb_section admin_label=&#8221;section&#8221;][et_pb_row admin_label=&#8221;row&#8221;][et_pb_column type=&#8221;4_4&#8243;][et_pb_text admin_label=&#8221;Texto&#8221;]<br \/>\nEl VIII Campus de F\u00fatbol dirigido por el exfutbolista internacional, Adolfo Aldana, arranc\u00f3 el pasado lunes con m\u00e1s de doscientos j\u00f3venes inscritos de toda la Costa del Sol y del Campo de Gibraltar que durante tres semanas disfrutar\u00e1n de toda la magia del f\u00fatbol y, principalmente, ver\u00e1n como mejoran y perfeccionan su t\u00e9cnica, y aprenden secretos del f\u00fatbol.<\/p>\n<p>Ya durante esta semana han tenido la fortuna de contar con la presencia del propio director del campus, Adolfo Aldana, y con el doce veces internacional por Espa\u00f1a, Donato, exjugador del Atl\u00e9tico de Madrid y del Deportivo de la Coru\u00f1a, que ha acercado a todos los chicos su experiencia como profesional de este deporte.<\/p>\n<p>Para el entrenamiento espec\u00edfico de porteros se cuenta con la presencia del exfutbolista, Antonio Notario, que milit\u00f3 en el Sevilla, Celta y Murcia.<\/p>\n<p>Ser\u00e1n muchos m\u00e1s los invitados que se acerquen por las instalaciones del para\u00edso del f\u00fatbol que es Marbella Football Center, donde los chicos durante tres horas viven en torno al f\u00fatbol.<\/p>\n<p>[\/et_pb_text][et_pb_gallery admin_label=&#8221;Galer\u00eda&#8221; gallery_ids=&#8221;28638,28640,28641&#8243; fullwidth=&#8221;off&#8221; posts_number=&#8221;3&#8243; show_title_and_caption=&#8221;off&#8221; show_pagination=&#8221;off&#8221; background_layout=&#8221;light&#8221; auto=&#8221;off&#8221; hover_overlay_color=&#8221;rgba(255,255,255,0.9)&#8221; use_border_color=&#8221;off&#8221; border_color=&#8221;#ffffff&#8221; border_style=&#8221;solid&#8221; \/][\/et_pb_column][\/et_pb_row][\/et_pb_section]<\/p>\n","protected":false},"excerpt":{"rendered":"<p>El VIII Campus de F\u00fatbol dirigido por el exfutbolista internacional, Adolfo Aldana, arranc\u00f3 el pasado lunes con m\u00e1s de doscientos j\u00f3venes inscritos de toda la Costa del Sol y del Campo de Gibraltar que durante tres semanas disfrutar\u00e1n de toda la magia del f\u00fatbol y, principalmente, ver\u00e1n como mejoran y perfeccionan su t\u00e9cnica, y aprenden [&hellip;]<\/p>\n","protected":false},"author":1,"featured_media":30441,"comment_status":"open","ping_status":"open","sticky":false,"template":"","format":"standard","meta":{"_et_pb_use_builder":"on","_et_pb_old_content":"<p>El VIII Campus de F\u00fatbol dirigido por el exfutbolista internacional, Adolfo Aldana, arranc\u00f3 el pasado lunes con m\u00e1s de doscientos j\u00f3venes inscritos de toda la Costa del Sol y del Campo de Gibraltar que durante tres semanas disfrutar\u00e1n de toda la magia del f\u00fatbol y, principalmente, ver\u00e1n como mejoran y perfeccionan su t\u00e9cnica, y aprenden secretos del f\u00fatbol.<\/p><p>Ya durante esta semana han tenido la fortuna de contar con la presencia del propio director del campus, Adolfo Aldana, y con el doce veces internacional por Espa\u00f1a, Donato, exjugador del Atl\u00e9tico de Madrid y del Deportivo de la Coru\u00f1a, que ha acercado a todos los chicos su experiencia como profesional de este deporte.<\/p><p>Para el entrenamiento espec\u00edfico de porteros se cuenta con la presencia del exfutbolista, Antonio Notario, que milit\u00f3 en el Sevilla, Celta y Murcia.<\/p><p>Ser\u00e1n muchos m\u00e1s los invitados que se acerquen por las instalaciones del para\u00edso del f\u00fatbol que es Marbella Football Center, donde los chicos durante tres horas viven en torno al f\u00fatbol.<\/p>","_et_gb_content_width":"","_monsterinsights_skip_tracking":false,"_monsterinsights_sitenote_active":false,"_monsterinsights_sitenote_note":"","_monsterinsights_sitenote_category":0,"footnotes":""},"categories":[13],"tags":[],"class_list":["post-30255","post","type-post","status-publish","format-standard","has-post-thumbnail","hentry","category-uncategorized"],"yoast_head":"<!-- This site is optimized with the Yoast SEO plugin v27.0 - https:\/\/yoast.com\/product\/yoast-seo-wordpress\/ -->\n<title>El VIII Campus de F\u00fatbol arranca con gran \u00e9xito en su primera semana - Campus de Futbol Marbella<\/title>\n<meta name=\"robots\" content=\"index, follow, max-snippet:-1, max-image-preview:large, max-video-preview:-1\" \/>\n<link rel=\"canonical\" href=\"https:\/\/www.futbolmarbella.com\/en\/el-viii-campus-de-futbol-arranca-con-gran-exito-en-su-primera-semana\/\" \/>\n<meta property=\"og:locale\" content=\"en_US\" \/>\n<meta property=\"og:type\" content=\"article\" \/>\n<meta property=\"og:title\" content=\"El VIII Campus de F\u00fatbol arranca con gran \u00e9xito en su primera semana - Campus de Futbol Marbella\" \/>\n<meta property=\"og:description\" content=\"El VIII Campus de F\u00fatbol dirigido por el exfutbolista internacional, Adolfo Aldana, arranc\u00f3 el pasado lunes con m\u00e1s de doscientos j\u00f3venes inscritos de toda la Costa del Sol y del Campo de Gibraltar que durante tres semanas disfrutar\u00e1n de toda la magia del f\u00fatbol y, principalmente, ver\u00e1n como mejoran y perfeccionan su t\u00e9cnica, y aprenden [&hellip;]\" \/>\n<meta property=\"og:url\" content=\"https:\/\/www.futbolmarbella.com\/en\/el-viii-campus-de-futbol-arranca-con-gran-exito-en-su-primera-semana\/\" \/>\n<meta property=\"og:site_name\" content=\"Campus de Futbol Marbella\" \/>\n<meta property=\"article:publisher\" content=\"https:\/\/www.facebook.com\/Campus-de-F%c3%batbol-Marbella-136259636436216\/?fref=ts\" \/>\n<meta property=\"article:published_time\" content=\"2017-04-02T12:11:45+00:00\" \/>\n<meta property=\"og:image\" content=\"https:\/\/www.futbolmarbella.com\/wp-content\/uploads\/2017\/02\/CIMG3059.jpg\" \/>\n\t<meta property=\"og:image:width\" content=\"640\" \/>\n\t<meta property=\"og:image:height\" content=\"480\" \/>\n\t<meta property=\"og:image:type\" content=\"image\/jpeg\" \/>\n<meta name=\"author\" content=\"Futbol Marbella\" \/>\n<meta name=\"twitter:card\" content=\"summary_large_image\" \/>\n<meta name=\"twitter:creator\" content=\"@CampusMarbella\" \/>\n<meta name=\"twitter:site\" content=\"@CampusMarbella\" \/>\n<meta name=\"twitter:label1\" content=\"Written by\" \/>\n\t<meta name=\"twitter:data1\" content=\"Futbol Marbella\" \/>\n\t<meta name=\"twitter:label2\" content=\"Est. reading time\" \/>\n\t<meta name=\"twitter:data2\" content=\"1 minute\" \/>\n<script type=\"application\/ld+json\" class=\"yoast-schema-graph\">{\"@context\":\"https:\/\/schema.org\",\"@graph\":[{\"@type\":\"Article\",\"@id\":\"https:\/\/www.futbolmarbella.com\/en\/el-viii-campus-de-futbol-arranca-con-gran-exito-en-su-primera-semana\/#article\",\"isPartOf\":{\"@id\":\"https:\/\/www.futbolmarbella.com\/en\/el-viii-campus-de-futbol-arranca-con-gran-exito-en-su-primera-semana\/\"},\"author\":{\"name\":\"Futbol Marbella\",\"@id\":\"https:\/\/www.futbolmarbella.com\/en\/#\/schema\/person\/7128dad5349c3edf369a41e246ffdd4f\"},\"headline\":\"El VIII Campus de F\u00fatbol arranca con gran \u00e9xito en su primera semana\",\"datePublished\":\"2017-04-02T12:11:45+00:00\",\"mainEntityOfPage\":{\"@id\":\"https:\/\/www.futbolmarbella.com\/en\/el-viii-campus-de-futbol-arranca-con-gran-exito-en-su-primera-semana\/\"},\"wordCount\":271,\"commentCount\":0,\"publisher\":{\"@id\":\"https:\/\/www.futbolmarbella.com\/en\/#organization\"},\"image\":{\"@id\":\"https:\/\/www.futbolmarbella.com\/en\/el-viii-campus-de-futbol-arranca-con-gran-exito-en-su-primera-semana\/#primaryimage\"},\"thumbnailUrl\":\"https:\/\/www.futbolmarbella.com\/wp-content\/uploads\/2017\/02\/CIMG3059.jpg\",\"inLanguage\":\"en-US\",\"potentialAction\":[{\"@type\":\"CommentAction\",\"name\":\"Comment\",\"target\":[\"https:\/\/www.futbolmarbella.com\/en\/el-viii-campus-de-futbol-arranca-con-gran-exito-en-su-primera-semana\/#respond\"]}]},{\"@type\":\"WebPage\",\"@id\":\"https:\/\/www.futbolmarbella.com\/en\/el-viii-campus-de-futbol-arranca-con-gran-exito-en-su-primera-semana\/\",\"url\":\"https:\/\/www.futbolmarbella.com\/en\/el-viii-campus-de-futbol-arranca-con-gran-exito-en-su-primera-semana\/\",\"name\":\"El VIII Campus de F\u00fatbol arranca con gran \u00e9xito en su primera semana - Campus de Futbol Marbella\",\"isPartOf\":{\"@id\":\"https:\/\/www.futbolmarbella.com\/en\/#website\"},\"primaryImageOfPage\":{\"@id\":\"https:\/\/www.futbolmarbella.com\/en\/el-viii-campus-de-futbol-arranca-con-gran-exito-en-su-primera-semana\/#primaryimage\"},\"image\":{\"@id\":\"https:\/\/www.futbolmarbella.com\/en\/el-viii-campus-de-futbol-arranca-con-gran-exito-en-su-primera-semana\/#primaryimage\"},\"thumbnailUrl\":\"https:\/\/www.futbolmarbella.com\/wp-content\/uploads\/2017\/02\/CIMG3059.jpg\",\"datePublished\":\"2017-04-02T12:11:45+00:00\",\"breadcrumb\":{\"@id\":\"https:\/\/www.futbolmarbella.com\/en\/el-viii-campus-de-futbol-arranca-con-gran-exito-en-su-primera-semana\/#breadcrumb\"},\"inLanguage\":\"en-US\",\"potentialAction\":[{\"@type\":\"ReadAction\",\"target\":[\"https:\/\/www.futbolmarbella.com\/en\/el-viii-campus-de-futbol-arranca-con-gran-exito-en-su-primera-semana\/\"]}]},{\"@type\":\"ImageObject\",\"inLanguage\":\"en-US\",\"@id\":\"https:\/\/www.futbolmarbella.com\/en\/el-viii-campus-de-futbol-arranca-con-gran-exito-en-su-primera-semana\/#primaryimage\",\"url\":\"https:\/\/www.futbolmarbella.com\/wp-content\/uploads\/2017\/02\/CIMG3059.jpg\",\"contentUrl\":\"https:\/\/www.futbolmarbella.com\/wp-content\/uploads\/2017\/02\/CIMG3059.jpg\",\"width\":640,\"height\":480},{\"@type\":\"BreadcrumbList\",\"@id\":\"https:\/\/www.futbolmarbella.com\/en\/el-viii-campus-de-futbol-arranca-con-gran-exito-en-su-primera-semana\/#breadcrumb\",\"itemListElement\":[{\"@type\":\"ListItem\",\"position\":1,\"name\":\"Portada\",\"item\":\"https:\/\/www.futbolmarbella.com\/en\/\"},{\"@type\":\"ListItem\",\"position\":2,\"name\":\"El VIII Campus de F\u00fatbol arranca con gran \u00e9xito en su primera semana\"}]},{\"@type\":\"WebSite\",\"@id\":\"https:\/\/www.futbolmarbella.com\/en\/#website\",\"url\":\"https:\/\/www.futbolmarbella.com\/en\/\",\"name\":\"Campus de Futbol Marbella\",\"description\":\"\",\"publisher\":{\"@id\":\"https:\/\/www.futbolmarbella.com\/en\/#organization\"},\"potentialAction\":[{\"@type\":\"SearchAction\",\"target\":{\"@type\":\"EntryPoint\",\"urlTemplate\":\"https:\/\/www.futbolmarbella.com\/en\/?s={search_term_string}\"},\"query-input\":{\"@type\":\"PropertyValueSpecification\",\"valueRequired\":true,\"valueName\":\"search_term_string\"}}],\"inLanguage\":\"en-US\"},{\"@type\":\"Organization\",\"@id\":\"https:\/\/www.futbolmarbella.com\/en\/#organization\",\"name\":\"Campus de Futbol Marbella\",\"url\":\"https:\/\/www.futbolmarbella.com\/en\/\",\"logo\":{\"@type\":\"ImageObject\",\"inLanguage\":\"en-US\",\"@id\":\"https:\/\/www.futbolmarbella.com\/en\/#\/schema\/logo\/image\/\",\"url\":\"https:\/\/www.futbolmarbella.com\/wp-content\/uploads\/2017\/01\/logo_campus-futbol-marbella.png\",\"contentUrl\":\"https:\/\/www.futbolmarbella.com\/wp-content\/uploads\/2017\/01\/logo_campus-futbol-marbella.png\",\"width\":218,\"height\":187,\"caption\":\"Campus de Futbol Marbella\"},\"image\":{\"@id\":\"https:\/\/www.futbolmarbella.com\/en\/#\/schema\/logo\/image\/\"},\"sameAs\":[\"https:\/\/www.facebook.com\/Campus-de-F\u00fatbol-Marbella-136259636436216\/?fref=ts\",\"https:\/\/x.com\/CampusMarbella\",\"https:\/\/www.youtube.com\/user\/futbolmarbella\"]},{\"@type\":\"Person\",\"@id\":\"https:\/\/www.futbolmarbella.com\/en\/#\/schema\/person\/7128dad5349c3edf369a41e246ffdd4f\",\"name\":\"Futbol Marbella\",\"image\":{\"@type\":\"ImageObject\",\"inLanguage\":\"en-US\",\"@id\":\"https:\/\/www.futbolmarbella.com\/en\/#\/schema\/person\/image\/\",\"url\":\"https:\/\/www.futbolmarbella.com\/wp-content\/litespeed\/avatar\/1867a64fbaac135f6eef8b55f5a63977.jpg?ver=1777234640\",\"contentUrl\":\"https:\/\/www.futbolmarbella.com\/wp-content\/litespeed\/avatar\/1867a64fbaac135f6eef8b55f5a63977.jpg?ver=1777234640\",\"caption\":\"Futbol Marbella\"}}]}<\/script>\n<!-- \/ Yoast SEO plugin. -->","yoast_head_json":{"title":"El VIII Campus de F\u00fatbol arranca con gran \u00e9xito en su primera semana - Campus de Futbol Marbella","robots":{"index":"index","follow":"follow","max-snippet":"max-snippet:-1","max-image-preview":"max-image-preview:large","max-video-preview":"max-video-preview:-1"},"canonical":"https:\/\/www.futbolmarbella.com\/en\/el-viii-campus-de-futbol-arranca-con-gran-exito-en-su-primera-semana\/","og_locale":"en_US","og_type":"article","og_title":"El VIII Campus de F\u00fatbol arranca con gran \u00e9xito en su primera semana - Campus de Futbol Marbella","og_description":"El VIII Campus de F\u00fatbol dirigido por el exfutbolista internacional, Adolfo Aldana, arranc\u00f3 el pasado lunes con m\u00e1s de doscientos j\u00f3venes inscritos de toda la Costa del Sol y del Campo de Gibraltar que durante tres semanas disfrutar\u00e1n de toda la magia del f\u00fatbol y, principalmente, ver\u00e1n como mejoran y perfeccionan su t\u00e9cnica, y aprenden [&hellip;]","og_url":"https:\/\/www.futbolmarbella.com\/en\/el-viii-campus-de-futbol-arranca-con-gran-exito-en-su-primera-semana\/","og_site_name":"Campus de Futbol Marbella","article_publisher":"https:\/\/www.facebook.com\/Campus-de-F%c3%batbol-Marbella-136259636436216\/?fref=ts","article_published_time":"2017-04-02T12:11:45+00:00","og_image":[{"width":640,"height":480,"url":"https:\/\/www.futbolmarbella.com\/wp-content\/uploads\/2017\/02\/CIMG3059.jpg","type":"image\/jpeg"}],"author":"Futbol Marbella","twitter_card":"summary_large_image","twitter_creator":"@CampusMarbella","twitter_site":"@CampusMarbella","twitter_misc":{"Written by":"Futbol Marbella","Est. reading time":"1 minute"},"schema":{"@context":"https:\/\/schema.org","@graph":[{"@type":"Article","@id":"https:\/\/www.futbolmarbella.com\/en\/el-viii-campus-de-futbol-arranca-con-gran-exito-en-su-primera-semana\/#article","isPartOf":{"@id":"https:\/\/www.futbolmarbella.com\/en\/el-viii-campus-de-futbol-arranca-con-gran-exito-en-su-primera-semana\/"},"author":{"name":"Futbol Marbella","@id":"https:\/\/www.futbolmarbella.com\/en\/#\/schema\/person\/7128dad5349c3edf369a41e246ffdd4f"},"headline":"El VIII Campus de F\u00fatbol arranca con gran \u00e9xito en su primera semana","datePublished":"2017-04-02T12:11:45+00:00","mainEntityOfPage":{"@id":"https:\/\/www.futbolmarbella.com\/en\/el-viii-campus-de-futbol-arranca-con-gran-exito-en-su-primera-semana\/"},"wordCount":271,"commentCount":0,"publisher":{"@id":"https:\/\/www.futbolmarbella.com\/en\/#organization"},"image":{"@id":"https:\/\/www.futbolmarbella.com\/en\/el-viii-campus-de-futbol-arranca-con-gran-exito-en-su-primera-semana\/#primaryimage"},"thumbnailUrl":"https:\/\/www.futbolmarbella.com\/wp-content\/uploads\/2017\/02\/CIMG3059.jpg","inLanguage":"en-US","potentialAction":[{"@type":"CommentAction","name":"Comment","target":["https:\/\/www.futbolmarbella.com\/en\/el-viii-campus-de-futbol-arranca-con-gran-exito-en-su-primera-semana\/#respond"]}]},{"@type":"WebPage","@id":"https:\/\/www.futbolmarbella.com\/en\/el-viii-campus-de-futbol-arranca-con-gran-exito-en-su-primera-semana\/","url":"https:\/\/www.futbolmarbella.com\/en\/el-viii-campus-de-futbol-arranca-con-gran-exito-en-su-primera-semana\/","name":"El VIII Campus de F\u00fatbol arranca con gran \u00e9xito en su primera semana - Campus de Futbol Marbella","isPartOf":{"@id":"https:\/\/www.futbolmarbella.com\/en\/#website"},"primaryImageOfPage":{"@id":"https:\/\/www.futbolmarbella.com\/en\/el-viii-campus-de-futbol-arranca-con-gran-exito-en-su-primera-semana\/#primaryimage"},"image":{"@id":"https:\/\/www.futbolmarbella.com\/en\/el-viii-campus-de-futbol-arranca-con-gran-exito-en-su-primera-semana\/#primaryimage"},"thumbnailUrl":"https:\/\/www.futbolmarbella.com\/wp-content\/uploads\/2017\/02\/CIMG3059.jpg","datePublished":"2017-04-02T12:11:45+00:00","breadcrumb":{"@id":"https:\/\/www.futbolmarbella.com\/en\/el-viii-campus-de-futbol-arranca-con-gran-exito-en-su-primera-semana\/#breadcrumb"},"inLanguage":"en-US","potentialAction":[{"@type":"ReadAction","target":["https:\/\/www.futbolmarbella.com\/en\/el-viii-campus-de-futbol-arranca-con-gran-exito-en-su-primera-semana\/"]}]},{"@type":"ImageObject","inLanguage":"en-US","@id":"https:\/\/www.futbolmarbella.com\/en\/el-viii-campus-de-futbol-arranca-con-gran-exito-en-su-primera-semana\/#primaryimage","url":"https:\/\/www.futbolmarbella.com\/wp-content\/uploads\/2017\/02\/CIMG3059.jpg","contentUrl":"https:\/\/www.futbolmarbella.com\/wp-content\/uploads\/2017\/02\/CIMG3059.jpg","width":640,"height":480},{"@type":"BreadcrumbList","@id":"https:\/\/www.futbolmarbella.com\/en\/el-viii-campus-de-futbol-arranca-con-gran-exito-en-su-primera-semana\/#breadcrumb","itemListElement":[{"@type":"ListItem","position":1,"name":"Portada","item":"https:\/\/www.futbolmarbella.com\/en\/"},{"@type":"ListItem","position":2,"name":"El VIII Campus de F\u00fatbol arranca con gran \u00e9xito en su primera semana"}]},{"@type":"WebSite","@id":"https:\/\/www.futbolmarbella.com\/en\/#website","url":"https:\/\/www.futbolmarbella.com\/en\/","name":"Campus de Futbol Marbella","description":"","publisher":{"@id":"https:\/\/www.futbolmarbella.com\/en\/#organization"},"potentialAction":[{"@type":"SearchAction","target":{"@type":"EntryPoint","urlTemplate":"https:\/\/www.futbolmarbella.com\/en\/?s={search_term_string}"},"query-input":{"@type":"PropertyValueSpecification","valueRequired":true,"valueName":"search_term_string"}}],"inLanguage":"en-US"},{"@type":"Organization","@id":"https:\/\/www.futbolmarbella.com\/en\/#organization","name":"Campus de Futbol Marbella","url":"https:\/\/www.futbolmarbella.com\/en\/","logo":{"@type":"ImageObject","inLanguage":"en-US","@id":"https:\/\/www.futbolmarbella.com\/en\/#\/schema\/logo\/image\/","url":"https:\/\/www.futbolmarbella.com\/wp-content\/uploads\/2017\/01\/logo_campus-futbol-marbella.png","contentUrl":"https:\/\/www.futbolmarbella.com\/wp-content\/uploads\/2017\/01\/logo_campus-futbol-marbella.png","width":218,"height":187,"caption":"Campus de Futbol Marbella"},"image":{"@id":"https:\/\/www.futbolmarbella.com\/en\/#\/schema\/logo\/image\/"},"sameAs":["https:\/\/www.facebook.com\/Campus-de-F\u00fatbol-Marbella-136259636436216\/?fref=ts","https:\/\/x.com\/CampusMarbella","https:\/\/www.youtube.com\/user\/futbolmarbella"]},{"@type":"Person","@id":"https:\/\/www.futbolmarbella.com\/en\/#\/schema\/person\/7128dad5349c3edf369a41e246ffdd4f","name":"Futbol Marbella","image":{"@type":"ImageObject","inLanguage":"en-US","@id":"https:\/\/www.futbolmarbella.com\/en\/#\/schema\/person\/image\/","url":"https:\/\/www.futbolmarbella.com\/wp-content\/litespeed\/avatar\/1867a64fbaac135f6eef8b55f5a63977.jpg?ver=1777234640","contentUrl":"https:\/\/www.futbolmarbella.com\/wp-content\/litespeed\/avatar\/1867a64fbaac135f6eef8b55f5a63977.jpg?ver=1777234640","caption":"Futbol Marbella"}}]}},"_links":{"self":[{"href":"https:\/\/www.futbolmarbella.com\/en\/wp-json\/wp\/v2\/posts\/30255","targetHints":{"allow":["GET"]}}],"collection":[{"href":"https:\/\/www.futbolmarbella.com\/en\/wp-json\/wp\/v2\/posts"}],"about":[{"href":"https:\/\/www.futbolmarbella.com\/en\/wp-json\/wp\/v2\/types\/post"}],"author":[{"embeddable":true,"href":"https:\/\/www.futbolmarbella.com\/en\/wp-json\/wp\/v2\/users\/1"}],"replies":[{"embeddable":true,"href":"https:\/\/www.futbolmarbella.com\/en\/wp-json\/wp\/v2\/comments?post=30255"}],"version-history":[{"count":1,"href":"https:\/\/www.futbolmarbella.com\/en\/wp-json\/wp\/v2\/posts\/30255\/revisions"}],"predecessor-version":[{"id":30256,"href":"https:\/\/www.futbolmarbella.com\/en\/wp-json\/wp\/v2\/posts\/30255\/revisions\/30256"}],"wp:featuredmedia":[{"embeddable":true,"href":"https:\/\/www.futbolmarbella.com\/en\/wp-json\/wp\/v2\/media\/30441"}],"wp:attachment":[{"href":"https:\/\/www.futbolmarbella.com\/en\/wp-json\/wp\/v2\/media?parent=30255"}],"wp:term":[{"taxonomy":"category","embeddable":true,"href":"https:\/\/www.futbolmarbella.com\/en\/wp-json\/wp\/v2\/categories?post=30255"},{"taxonomy":"post_tag","embeddable":true,"href":"https:\/\/www.futbolmarbella.com\/en\/wp-json\/wp\/v2\/tags?post=30255"}],"curies":[{"name":"wp","href":"https:\/\/api.w.org\/{rel}","templated":true}]}}